{"id":5370,"date":"2026-04-25T18:20:53","date_gmt":"2026-04-25T16:20:53","guid":{"rendered":"https:\/\/www.myanmar-stiftung.de\/?p=5370"},"modified":"2026-04-25T18:20:53","modified_gmt":"2026-04-25T16:20:53","slug":"unsere-mitarbeiter-stellen-sich-vor-projektleiter-min-min","status":"publish","type":"post","link":"https:\/\/www.myanmar-stiftung.de\/index.php\/unsere-mitarbeiter-stellen-sich-vor-projektleiter-min-min\/","title":{"rendered":"Unsere Mitarbeiter stellen sich vor: Projektleiter Min Min"},"content":{"rendered":"<p data-start=\"170\" data-end=\"599\">In unseren n\u00e4chsten Beitr\u00e4gen m\u00f6chten wir Ihnen unsere Mitarbeiterinnen und Mitarbeiter in Myanmar n\u00e4her vorstellen und sie selbst zu Wort kommen lassen. Den Anfang macht einer unserer wichtigsten Ansprechpartner und unser Vertrauensmann vor Ort: Min Lwin Oo, genannt Min Min. Min Min unterst\u00fctzt seit 2000 die Myanmar Stiftung mit gro\u00dfem Engagement und au\u00dfergew\u00f6hnlicher Verl\u00e4sslichkeit in seiner Funktion als Projektleiter. Sein Fokus liegt auf den Waisenhausprojekten ACT und Maubin und unserem Stipendienprogramm.<\/p>\n<p data-start=\"601\" data-end=\"632\">Hier stellt er sich selbst vor:<\/p>\n<p>Devoted to help my country<\/p>\n<p style=\"font-weight: 400;\">My name is Min Lwin Oo, known to many as Min Min, 55 years old, I am a proud Bamar and a devoted Buddhist. I hold multiple academic qualifications which helped me a lot throughout my career.<\/p>\n<p style=\"font-weight: 400;\">While I had my travel agency I met a lot of people and also friends from Germany, who were engaged in social works in Myanmar together with J\u00fcrgen von Jordan, the founder of Myanmar Stiftung. The friendship grew naturally throughout the years as we shared values and a mutual commitment to supporting communities in need.<\/p>\n<p style=\"font-weight: 400;\">Since 2000 I am in charge of coordinating support for several orphanages and educational institutions across the country. Together the responsible staff in the projects, my work includes assisting ACT Orphanage in Taikkyi, St. Rita Orphanage in Maubin, Whispering Seeds in Kalaw, House of Love in Kawthaung, and a Verena School a State High School near Nyaung Oo (Bagan). My dedication, reliability, and heartfelt commitment grew over the years.<\/p>\n<p style=\"font-weight: 400;\">I live in Yangon with my wife, Daw Lay Nandar Kyaw. We are blessed with two children, a boy Aung Khan Khant and daughter Su Su. I am continuing to serve with humility, compassion, and a deep sense of responsibility, helping a lot to earn the trust and respect of both local partners and international friends.<\/p>\n<p>&nbsp;<\/p>\n","protected":false},"excerpt":{"rendered":"<p>In unseren n\u00e4chsten Beitr\u00e4gen m\u00f6chten wir Ihnen unsere Mitarbeiterinnen und Mitarbeiter in Myanmar n\u00e4her vorstellen und sie selbst zu Wort kommen lassen. Den Anfang macht einer unserer wichtigsten Ansprechpartner und unser Vertrauensmann vor Ort: Min Lwin Oo, genannt Min Min. Min Min unterst\u00fctzt seit 2000 die Myanmar Stiftung mit gro\u00dfem Engagement und au\u00dfergew\u00f6hnlicher Verl\u00e4sslichkeit in&hellip;<\/p>\n","protected":false},"author":5,"featured_media":5374,"comment_status":"closed","ping_status":"open","sticky":false,"template":"","format":"standard","meta":{"_acf_changed":false,"footnotes":""},"categories":[1],"tags":[],"class_list":["post-5370","post","type-post","status-publish","format-standard","has-post-thumbnail","hentry","category-allgemein"],"acf":[],"yoast_head":"<!-- This site is optimized with the Yoast SEO plugin v27.4 - https:\/\/yoast.com\/product\/yoast-seo-wordpress\/ -->\n<title>Unsere Mitarbeiter stellen sich vor: Projektleiter Min Min - Myanmar-Stiftung<\/title>\n<meta name=\"robots\" content=\"index, follow, max-snippet:-1, max-image-preview:large, max-video-preview:-1\" \/>\n<link rel=\"canonical\" href=\"https:\/\/www.myanmar-stiftung.de\/index.php\/unsere-mitarbeiter-stellen-sich-vor-projektleiter-min-min\/\" \/>\n<meta property=\"og:locale\" content=\"de_DE\" \/>\n<meta property=\"og:type\" content=\"article\" \/>\n<meta property=\"og:title\" content=\"Unsere Mitarbeiter stellen sich vor: Projektleiter Min Min - Myanmar-Stiftung\" \/>\n<meta property=\"og:description\" content=\"In unseren n\u00e4chsten Beitr\u00e4gen m\u00f6chten wir Ihnen unsere Mitarbeiterinnen und Mitarbeiter in Myanmar n\u00e4her vorstellen und sie selbst zu Wort kommen lassen. Den Anfang macht einer unserer wichtigsten Ansprechpartner und unser Vertrauensmann vor Ort: Min Lwin Oo, genannt Min Min. Min Min unterst\u00fctzt seit 2000 die Myanmar Stiftung mit gro\u00dfem Engagement und au\u00dfergew\u00f6hnlicher Verl\u00e4sslichkeit in&hellip;\" \/>\n<meta property=\"og:url\" content=\"https:\/\/www.myanmar-stiftung.de\/index.php\/unsere-mitarbeiter-stellen-sich-vor-projektleiter-min-min\/\" \/>\n<meta property=\"og:site_name\" content=\"Myanmar-Stiftung\" \/>\n<meta property=\"article:published_time\" content=\"2026-04-25T16:20:53+00:00\" \/>\n<meta property=\"og:image\" content=\"https:\/\/www.myanmar-stiftung.de\/wp-content\/uploads\/2026\/02\/2024_12_07_16_42_IMG_3312.jpeg\" \/>\n\t<meta property=\"og:image:width\" content=\"1145\" \/>\n\t<meta property=\"og:image:height\" content=\"566\" \/>\n\t<meta property=\"og:image:type\" content=\"image\/jpeg\" \/>\n<meta name=\"author\" content=\"Veronika Hofmann\" \/>\n<meta name=\"twitter:card\" content=\"summary_large_image\" \/>\n<meta name=\"twitter:label1\" content=\"Geschrieben von\" \/>\n\t<meta name=\"twitter:data1\" content=\"Veronika Hofmann\" \/>\n\t<meta name=\"twitter:label2\" content=\"Gesch\u00e4tzte Lesezeit\" \/>\n\t<meta name=\"twitter:data2\" content=\"2\u00a0Minuten\" \/>\n<script type=\"application\/ld+json\" class=\"yoast-schema-graph\">{\"@context\":\"https:\\\/\\\/schema.org\",\"@graph\":[{\"@type\":\"Article\",\"@id\":\"https:\\\/\\\/www.myanmar-stiftung.de\\\/index.php\\\/unsere-mitarbeiter-stellen-sich-vor-projektleiter-min-min\\\/#article\",\"isPartOf\":{\"@id\":\"https:\\\/\\\/www.myanmar-stiftung.de\\\/index.php\\\/unsere-mitarbeiter-stellen-sich-vor-projektleiter-min-min\\\/\"},\"author\":{\"name\":\"Veronika Hofmann\",\"@id\":\"https:\\\/\\\/www.myanmar-stiftung.de\\\/#\\\/schema\\\/person\\\/7e26a6d6128ff41ff1a474936ff68f0f\"},\"headline\":\"Unsere Mitarbeiter stellen sich vor: Projektleiter Min Min\",\"datePublished\":\"2026-04-25T16:20:53+00:00\",\"mainEntityOfPage\":{\"@id\":\"https:\\\/\\\/www.myanmar-stiftung.de\\\/index.php\\\/unsere-mitarbeiter-stellen-sich-vor-projektleiter-min-min\\\/\"},\"wordCount\":315,\"image\":{\"@id\":\"https:\\\/\\\/www.myanmar-stiftung.de\\\/index.php\\\/unsere-mitarbeiter-stellen-sich-vor-projektleiter-min-min\\\/#primaryimage\"},\"thumbnailUrl\":\"https:\\\/\\\/www.myanmar-stiftung.de\\\/wp-content\\\/uploads\\\/2026\\\/02\\\/2024_12_07_16_42_IMG_3312.jpeg\",\"inLanguage\":\"de\"},{\"@type\":\"WebPage\",\"@id\":\"https:\\\/\\\/www.myanmar-stiftung.de\\\/index.php\\\/unsere-mitarbeiter-stellen-sich-vor-projektleiter-min-min\\\/\",\"url\":\"https:\\\/\\\/www.myanmar-stiftung.de\\\/index.php\\\/unsere-mitarbeiter-stellen-sich-vor-projektleiter-min-min\\\/\",\"name\":\"Unsere Mitarbeiter stellen sich vor: Projektleiter Min Min - Myanmar-Stiftung\",\"isPartOf\":{\"@id\":\"https:\\\/\\\/www.myanmar-stiftung.de\\\/#website\"},\"primaryImageOfPage\":{\"@id\":\"https:\\\/\\\/www.myanmar-stiftung.de\\\/index.php\\\/unsere-mitarbeiter-stellen-sich-vor-projektleiter-min-min\\\/#primaryimage\"},\"image\":{\"@id\":\"https:\\\/\\\/www.myanmar-stiftung.de\\\/index.php\\\/unsere-mitarbeiter-stellen-sich-vor-projektleiter-min-min\\\/#primaryimage\"},\"thumbnailUrl\":\"https:\\\/\\\/www.myanmar-stiftung.de\\\/wp-content\\\/uploads\\\/2026\\\/02\\\/2024_12_07_16_42_IMG_3312.jpeg\",\"datePublished\":\"2026-04-25T16:20:53+00:00\",\"author\":{\"@id\":\"https:\\\/\\\/www.myanmar-stiftung.de\\\/#\\\/schema\\\/person\\\/7e26a6d6128ff41ff1a474936ff68f0f\"},\"breadcrumb\":{\"@id\":\"https:\\\/\\\/www.myanmar-stiftung.de\\\/index.php\\\/unsere-mitarbeiter-stellen-sich-vor-projektleiter-min-min\\\/#breadcrumb\"},\"inLanguage\":\"de\",\"potentialAction\":[{\"@type\":\"ReadAction\",\"target\":[\"https:\\\/\\\/www.myanmar-stiftung.de\\\/index.php\\\/unsere-mitarbeiter-stellen-sich-vor-projektleiter-min-min\\\/\"]}]},{\"@type\":\"ImageObject\",\"inLanguage\":\"de\",\"@id\":\"https:\\\/\\\/www.myanmar-stiftung.de\\\/index.php\\\/unsere-mitarbeiter-stellen-sich-vor-projektleiter-min-min\\\/#primaryimage\",\"url\":\"https:\\\/\\\/www.myanmar-stiftung.de\\\/wp-content\\\/uploads\\\/2026\\\/02\\\/2024_12_07_16_42_IMG_3312.jpeg\",\"contentUrl\":\"https:\\\/\\\/www.myanmar-stiftung.de\\\/wp-content\\\/uploads\\\/2026\\\/02\\\/2024_12_07_16_42_IMG_3312.jpeg\",\"width\":1145,\"height\":566},{\"@type\":\"BreadcrumbList\",\"@id\":\"https:\\\/\\\/www.myanmar-stiftung.de\\\/index.php\\\/unsere-mitarbeiter-stellen-sich-vor-projektleiter-min-min\\\/#breadcrumb\",\"itemListElement\":[{\"@type\":\"ListItem\",\"position\":1,\"name\":\"Startseite\",\"item\":\"https:\\\/\\\/www.myanmar-stiftung.de\\\/\"},{\"@type\":\"ListItem\",\"position\":2,\"name\":\"Unsere Mitarbeiter stellen sich vor: Projektleiter Min Min\"}]},{\"@type\":\"WebSite\",\"@id\":\"https:\\\/\\\/www.myanmar-stiftung.de\\\/#website\",\"url\":\"https:\\\/\\\/www.myanmar-stiftung.de\\\/\",\"name\":\"Myanmar-Stiftung\",\"description\":\"Hilfe f\u00fcr Kinder in Myanmar\",\"potentialAction\":[{\"@type\":\"SearchAction\",\"target\":{\"@type\":\"EntryPoint\",\"urlTemplate\":\"https:\\\/\\\/www.myanmar-stiftung.de\\\/?s={search_term_string}\"},\"query-input\":{\"@type\":\"PropertyValueSpecification\",\"valueRequired\":true,\"valueName\":\"search_term_string\"}}],\"inLanguage\":\"de\"},{\"@type\":\"Person\",\"@id\":\"https:\\\/\\\/www.myanmar-stiftung.de\\\/#\\\/schema\\\/person\\\/7e26a6d6128ff41ff1a474936ff68f0f\",\"name\":\"Veronika Hofmann\",\"image\":{\"@type\":\"ImageObject\",\"inLanguage\":\"de\",\"@id\":\"https:\\\/\\\/secure.gravatar.com\\\/avatar\\\/8b74c049c88508178ceeb67ad92ab7a23ec4dc97071586363a9064bc5f0706e0?s=96&d=mm&r=g\",\"url\":\"https:\\\/\\\/secure.gravatar.com\\\/avatar\\\/8b74c049c88508178ceeb67ad92ab7a23ec4dc97071586363a9064bc5f0706e0?s=96&d=mm&r=g\",\"contentUrl\":\"https:\\\/\\\/secure.gravatar.com\\\/avatar\\\/8b74c049c88508178ceeb67ad92ab7a23ec4dc97071586363a9064bc5f0706e0?s=96&d=mm&r=g\",\"caption\":\"Veronika Hofmann\"},\"url\":\"https:\\\/\\\/www.myanmar-stiftung.de\\\/index.php\\\/author\\\/hofmann\\\/\"}]}<\/script>\n<!-- \/ Yoast SEO plugin. -->","yoast_head_json":{"title":"Unsere Mitarbeiter stellen sich vor: Projektleiter Min Min - Myanmar-Stiftung","robots":{"index":"index","follow":"follow","max-snippet":"max-snippet:-1","max-image-preview":"max-image-preview:large","max-video-preview":"max-video-preview:-1"},"canonical":"https:\/\/www.myanmar-stiftung.de\/index.php\/unsere-mitarbeiter-stellen-sich-vor-projektleiter-min-min\/","og_locale":"de_DE","og_type":"article","og_title":"Unsere Mitarbeiter stellen sich vor: Projektleiter Min Min - Myanmar-Stiftung","og_description":"In unseren n\u00e4chsten Beitr\u00e4gen m\u00f6chten wir Ihnen unsere Mitarbeiterinnen und Mitarbeiter in Myanmar n\u00e4her vorstellen und sie selbst zu Wort kommen lassen. Den Anfang macht einer unserer wichtigsten Ansprechpartner und unser Vertrauensmann vor Ort: Min Lwin Oo, genannt Min Min. Min Min unterst\u00fctzt seit 2000 die Myanmar Stiftung mit gro\u00dfem Engagement und au\u00dfergew\u00f6hnlicher Verl\u00e4sslichkeit in&hellip;","og_url":"https:\/\/www.myanmar-stiftung.de\/index.php\/unsere-mitarbeiter-stellen-sich-vor-projektleiter-min-min\/","og_site_name":"Myanmar-Stiftung","article_published_time":"2026-04-25T16:20:53+00:00","og_image":[{"width":1145,"height":566,"url":"https:\/\/www.myanmar-stiftung.de\/wp-content\/uploads\/2026\/02\/2024_12_07_16_42_IMG_3312.jpeg","type":"image\/jpeg"}],"author":"Veronika Hofmann","twitter_card":"summary_large_image","twitter_misc":{"Geschrieben von":"Veronika Hofmann","Gesch\u00e4tzte Lesezeit":"2\u00a0Minuten"},"schema":{"@context":"https:\/\/schema.org","@graph":[{"@type":"Article","@id":"https:\/\/www.myanmar-stiftung.de\/index.php\/unsere-mitarbeiter-stellen-sich-vor-projektleiter-min-min\/#article","isPartOf":{"@id":"https:\/\/www.myanmar-stiftung.de\/index.php\/unsere-mitarbeiter-stellen-sich-vor-projektleiter-min-min\/"},"author":{"name":"Veronika Hofmann","@id":"https:\/\/www.myanmar-stiftung.de\/#\/schema\/person\/7e26a6d6128ff41ff1a474936ff68f0f"},"headline":"Unsere Mitarbeiter stellen sich vor: Projektleiter Min Min","datePublished":"2026-04-25T16:20:53+00:00","mainEntityOfPage":{"@id":"https:\/\/www.myanmar-stiftung.de\/index.php\/unsere-mitarbeiter-stellen-sich-vor-projektleiter-min-min\/"},"wordCount":315,"image":{"@id":"https:\/\/www.myanmar-stiftung.de\/index.php\/unsere-mitarbeiter-stellen-sich-vor-projektleiter-min-min\/#primaryimage"},"thumbnailUrl":"https:\/\/www.myanmar-stiftung.de\/wp-content\/uploads\/2026\/02\/2024_12_07_16_42_IMG_3312.jpeg","inLanguage":"de"},{"@type":"WebPage","@id":"https:\/\/www.myanmar-stiftung.de\/index.php\/unsere-mitarbeiter-stellen-sich-vor-projektleiter-min-min\/","url":"https:\/\/www.myanmar-stiftung.de\/index.php\/unsere-mitarbeiter-stellen-sich-vor-projektleiter-min-min\/","name":"Unsere Mitarbeiter stellen sich vor: Projektleiter Min Min - Myanmar-Stiftung","isPartOf":{"@id":"https:\/\/www.myanmar-stiftung.de\/#website"},"primaryImageOfPage":{"@id":"https:\/\/www.myanmar-stiftung.de\/index.php\/unsere-mitarbeiter-stellen-sich-vor-projektleiter-min-min\/#primaryimage"},"image":{"@id":"https:\/\/www.myanmar-stiftung.de\/index.php\/unsere-mitarbeiter-stellen-sich-vor-projektleiter-min-min\/#primaryimage"},"thumbnailUrl":"https:\/\/www.myanmar-stiftung.de\/wp-content\/uploads\/2026\/02\/2024_12_07_16_42_IMG_3312.jpeg","datePublished":"2026-04-25T16:20:53+00:00","author":{"@id":"https:\/\/www.myanmar-stiftung.de\/#\/schema\/person\/7e26a6d6128ff41ff1a474936ff68f0f"},"breadcrumb":{"@id":"https:\/\/www.myanmar-stiftung.de\/index.php\/unsere-mitarbeiter-stellen-sich-vor-projektleiter-min-min\/#breadcrumb"},"inLanguage":"de","potentialAction":[{"@type":"ReadAction","target":["https:\/\/www.myanmar-stiftung.de\/index.php\/unsere-mitarbeiter-stellen-sich-vor-projektleiter-min-min\/"]}]},{"@type":"ImageObject","inLanguage":"de","@id":"https:\/\/www.myanmar-stiftung.de\/index.php\/unsere-mitarbeiter-stellen-sich-vor-projektleiter-min-min\/#primaryimage","url":"https:\/\/www.myanmar-stiftung.de\/wp-content\/uploads\/2026\/02\/2024_12_07_16_42_IMG_3312.jpeg","contentUrl":"https:\/\/www.myanmar-stiftung.de\/wp-content\/uploads\/2026\/02\/2024_12_07_16_42_IMG_3312.jpeg","width":1145,"height":566},{"@type":"BreadcrumbList","@id":"https:\/\/www.myanmar-stiftung.de\/index.php\/unsere-mitarbeiter-stellen-sich-vor-projektleiter-min-min\/#breadcrumb","itemListElement":[{"@type":"ListItem","position":1,"name":"Startseite","item":"https:\/\/www.myanmar-stiftung.de\/"},{"@type":"ListItem","position":2,"name":"Unsere Mitarbeiter stellen sich vor: Projektleiter Min Min"}]},{"@type":"WebSite","@id":"https:\/\/www.myanmar-stiftung.de\/#website","url":"https:\/\/www.myanmar-stiftung.de\/","name":"Myanmar-Stiftung","description":"Hilfe f\u00fcr Kinder in Myanmar","potentialAction":[{"@type":"SearchAction","target":{"@type":"EntryPoint","urlTemplate":"https:\/\/www.myanmar-stiftung.de\/?s={search_term_string}"},"query-input":{"@type":"PropertyValueSpecification","valueRequired":true,"valueName":"search_term_string"}}],"inLanguage":"de"},{"@type":"Person","@id":"https:\/\/www.myanmar-stiftung.de\/#\/schema\/person\/7e26a6d6128ff41ff1a474936ff68f0f","name":"Veronika Hofmann","image":{"@type":"ImageObject","inLanguage":"de","@id":"https:\/\/secure.gravatar.com\/avatar\/8b74c049c88508178ceeb67ad92ab7a23ec4dc97071586363a9064bc5f0706e0?s=96&d=mm&r=g","url":"https:\/\/secure.gravatar.com\/avatar\/8b74c049c88508178ceeb67ad92ab7a23ec4dc97071586363a9064bc5f0706e0?s=96&d=mm&r=g","contentUrl":"https:\/\/secure.gravatar.com\/avatar\/8b74c049c88508178ceeb67ad92ab7a23ec4dc97071586363a9064bc5f0706e0?s=96&d=mm&r=g","caption":"Veronika Hofmann"},"url":"https:\/\/www.myanmar-stiftung.de\/index.php\/author\/hofmann\/"}]}},"_links":{"self":[{"href":"https:\/\/www.myanmar-stiftung.de\/index.php\/wp-json\/wp\/v2\/posts\/5370","targetHints":{"allow":["GET"]}}],"collection":[{"href":"https:\/\/www.myanmar-stiftung.de\/index.php\/wp-json\/wp\/v2\/posts"}],"about":[{"href":"https:\/\/www.myanmar-stiftung.de\/index.php\/wp-json\/wp\/v2\/types\/post"}],"author":[{"embeddable":true,"href":"https:\/\/www.myanmar-stiftung.de\/index.php\/wp-json\/wp\/v2\/users\/5"}],"replies":[{"embeddable":true,"href":"https:\/\/www.myanmar-stiftung.de\/index.php\/wp-json\/wp\/v2\/comments?post=5370"}],"version-history":[{"count":3,"href":"https:\/\/www.myanmar-stiftung.de\/index.php\/wp-json\/wp\/v2\/posts\/5370\/revisions"}],"predecessor-version":[{"id":5392,"href":"https:\/\/www.myanmar-stiftung.de\/index.php\/wp-json\/wp\/v2\/posts\/5370\/revisions\/5392"}],"wp:featuredmedia":[{"embeddable":true,"href":"https:\/\/www.myanmar-stiftung.de\/index.php\/wp-json\/wp\/v2\/media\/5374"}],"wp:attachment":[{"href":"https:\/\/www.myanmar-stiftung.de\/index.php\/wp-json\/wp\/v2\/media?parent=5370"}],"wp:term":[{"taxonomy":"category","embeddable":true,"href":"https:\/\/www.myanmar-stiftung.de\/index.php\/wp-json\/wp\/v2\/categories?post=5370"},{"taxonomy":"post_tag","embeddable":true,"href":"https:\/\/www.myanmar-stiftung.de\/index.php\/wp-json\/wp\/v2\/tags?post=5370"}],"curies":[{"name":"wp","href":"https:\/\/api.w.org\/{rel}","templated":true}]}}