{"id":5290,"date":"2025-10-20T10:03:19","date_gmt":"2025-10-20T08:03:19","guid":{"rendered":"https:\/\/www.myanmar-stiftung.de\/?p=5290"},"modified":"2025-11-24T09:23:00","modified_gmt":"2025-11-24T08:23:00","slug":"verena-von-mitschke-collande-bereichert-den-beirat-der-myanmar-stiftung","status":"publish","type":"post","link":"https:\/\/www.myanmar-stiftung.de\/index.php\/verena-von-mitschke-collande-bereichert-den-beirat-der-myanmar-stiftung\/","title":{"rendered":"Verena von Mitschke-Collande bereichert den Beirat der Myanmar Stiftung"},"content":{"rendered":"<p style=\"font-weight: 400;\">Der Beirat der Myanmar Stiftung hat einstimmig die Zuwahl von Verena von Mitschke-Collande in den Stiftungsbeirat empfohlen. Wir freuen uns sehr, dass Verena von Mitschke-Collande diese Wahl angenommen hat. Mit Verena, die auch \u00fcber Jahrzehnte mit dem Stiftungsgr\u00fcnder J\u00fcrgen von Jordan eng befreundet war, gewinnen wir nicht nur eine Freundin und Kennerin Myanmars, sondern auch eine engagierte Mitstreiterin f\u00fcr unsere Sache.<\/p>\n<p style=\"font-weight: 400;\">Die Liebe von ihr zu Myanmar geht bis in das Jahr ihrer ersten Reise 1978 zur\u00fcck. Seitdem hat sie in unz\u00e4hligen gesch\u00e4ftlichen wie privaten Reisen Land und Leute kennen- und sch\u00e4tzen gelernt. Eine von ihr gespendete Schule in der N\u00e4he von Bagan tr\u00e4gt bis heute den Namen \u201eVerena Schule\u201c und wird nach wie vor von ihr unterst\u00fctzt. Ohne Verenas pers\u00f6nlichen und finanziellen Einsatz h\u00e4tte die Stiftung viele Projekte in unser aller Lieblingsland nicht realisieren k\u00f6nnen. Wir freuen uns auf die nun noch engere Zusammenarbeit und ihren sehr gesch\u00e4tzten Rat.<\/p>\n<p style=\"font-weight: 400;\">\n","protected":false},"excerpt":{"rendered":"<p>Der Beirat der Myanmar Stiftung hat einstimmig die Zuwahl von Verena von Mitschke-Collande in den Stiftungsbeirat empfohlen. Wir freuen uns sehr, dass Verena von Mitschke-Collande diese Wahl angenommen hat. Mit Verena, die auch \u00fcber Jahrzehnte mit dem Stiftungsgr\u00fcnder J\u00fcrgen von Jordan eng befreundet war, gewinnen wir nicht nur eine Freundin und Kennerin Myanmars, sondern auch&hellip;<\/p>\n","protected":false},"author":5,"featured_media":5280,"comment_status":"closed","ping_status":"open","sticky":false,"template":"","format":"standard","meta":{"_acf_changed":false,"footnotes":""},"categories":[1],"tags":[],"class_list":["post-5290","post","type-post","status-publish","format-standard","has-post-thumbnail","hentry","category-allgemein"],"acf":[],"yoast_head":"<!-- This site is optimized with the Yoast SEO plugin v27.4 - https:\/\/yoast.com\/product\/yoast-seo-wordpress\/ -->\n<title>Verena von Mitschke-Collande bereichert den Beirat der Myanmar Stiftung - Myanmar-Stiftung<\/title>\n<meta name=\"robots\" content=\"index, follow, max-snippet:-1, max-image-preview:large, max-video-preview:-1\" \/>\n<link rel=\"canonical\" href=\"https:\/\/www.myanmar-stiftung.de\/index.php\/verena-von-mitschke-collande-bereichert-den-beirat-der-myanmar-stiftung\/\" \/>\n<meta property=\"og:locale\" content=\"de_DE\" \/>\n<meta property=\"og:type\" content=\"article\" \/>\n<meta property=\"og:title\" content=\"Verena von Mitschke-Collande bereichert den Beirat der Myanmar Stiftung - Myanmar-Stiftung\" \/>\n<meta property=\"og:description\" content=\"Der Beirat der Myanmar Stiftung hat einstimmig die Zuwahl von Verena von Mitschke-Collande in den Stiftungsbeirat empfohlen. Wir freuen uns sehr, dass Verena von Mitschke-Collande diese Wahl angenommen hat. Mit Verena, die auch \u00fcber Jahrzehnte mit dem Stiftungsgr\u00fcnder J\u00fcrgen von Jordan eng befreundet war, gewinnen wir nicht nur eine Freundin und Kennerin Myanmars, sondern auch&hellip;\" \/>\n<meta property=\"og:url\" content=\"https:\/\/www.myanmar-stiftung.de\/index.php\/verena-von-mitschke-collande-bereichert-den-beirat-der-myanmar-stiftung\/\" \/>\n<meta property=\"og:site_name\" content=\"Myanmar-Stiftung\" \/>\n<meta property=\"article:published_time\" content=\"2025-10-20T08:03:19+00:00\" \/>\n<meta property=\"article:modified_time\" content=\"2025-11-24T08:23:00+00:00\" \/>\n<meta property=\"og:image\" content=\"https:\/\/www.myanmar-stiftung.de\/wp-content\/uploads\/2025\/10\/Verena-1.jpg\" \/>\n\t<meta property=\"og:image:width\" content=\"1600\" \/>\n\t<meta property=\"og:image:height\" content=\"1200\" \/>\n\t<meta property=\"og:image:type\" content=\"image\/jpeg\" \/>\n<meta name=\"author\" content=\"Veronika Hofmann\" \/>\n<meta name=\"twitter:card\" content=\"summary_large_image\" \/>\n<meta name=\"twitter:label1\" content=\"Geschrieben von\" \/>\n\t<meta name=\"twitter:data1\" content=\"Veronika Hofmann\" \/>\n\t<meta name=\"twitter:label2\" content=\"Gesch\u00e4tzte Lesezeit\" \/>\n\t<meta name=\"twitter:data2\" content=\"2\u00a0Minuten\" \/>\n<script type=\"application\/ld+json\" class=\"yoast-schema-graph\">{\"@context\":\"https:\\\/\\\/schema.org\",\"@graph\":[{\"@type\":\"Article\",\"@id\":\"https:\\\/\\\/www.myanmar-stiftung.de\\\/index.php\\\/verena-von-mitschke-collande-bereichert-den-beirat-der-myanmar-stiftung\\\/#article\",\"isPartOf\":{\"@id\":\"https:\\\/\\\/www.myanmar-stiftung.de\\\/index.php\\\/verena-von-mitschke-collande-bereichert-den-beirat-der-myanmar-stiftung\\\/\"},\"author\":{\"name\":\"Veronika Hofmann\",\"@id\":\"https:\\\/\\\/www.myanmar-stiftung.de\\\/#\\\/schema\\\/person\\\/7e26a6d6128ff41ff1a474936ff68f0f\"},\"headline\":\"Verena von Mitschke-Collande bereichert den Beirat der Myanmar Stiftung\",\"datePublished\":\"2025-10-20T08:03:19+00:00\",\"dateModified\":\"2025-11-24T08:23:00+00:00\",\"mainEntityOfPage\":{\"@id\":\"https:\\\/\\\/www.myanmar-stiftung.de\\\/index.php\\\/verena-von-mitschke-collande-bereichert-den-beirat-der-myanmar-stiftung\\\/\"},\"wordCount\":172,\"image\":{\"@id\":\"https:\\\/\\\/www.myanmar-stiftung.de\\\/index.php\\\/verena-von-mitschke-collande-bereichert-den-beirat-der-myanmar-stiftung\\\/#primaryimage\"},\"thumbnailUrl\":\"https:\\\/\\\/www.myanmar-stiftung.de\\\/wp-content\\\/uploads\\\/2025\\\/10\\\/Verena-1.jpg\",\"inLanguage\":\"de\"},{\"@type\":\"WebPage\",\"@id\":\"https:\\\/\\\/www.myanmar-stiftung.de\\\/index.php\\\/verena-von-mitschke-collande-bereichert-den-beirat-der-myanmar-stiftung\\\/\",\"url\":\"https:\\\/\\\/www.myanmar-stiftung.de\\\/index.php\\\/verena-von-mitschke-collande-bereichert-den-beirat-der-myanmar-stiftung\\\/\",\"name\":\"Verena von Mitschke-Collande bereichert den Beirat der Myanmar Stiftung - Myanmar-Stiftung\",\"isPartOf\":{\"@id\":\"https:\\\/\\\/www.myanmar-stiftung.de\\\/#website\"},\"primaryImageOfPage\":{\"@id\":\"https:\\\/\\\/www.myanmar-stiftung.de\\\/index.php\\\/verena-von-mitschke-collande-bereichert-den-beirat-der-myanmar-stiftung\\\/#primaryimage\"},\"image\":{\"@id\":\"https:\\\/\\\/www.myanmar-stiftung.de\\\/index.php\\\/verena-von-mitschke-collande-bereichert-den-beirat-der-myanmar-stiftung\\\/#primaryimage\"},\"thumbnailUrl\":\"https:\\\/\\\/www.myanmar-stiftung.de\\\/wp-content\\\/uploads\\\/2025\\\/10\\\/Verena-1.jpg\",\"datePublished\":\"2025-10-20T08:03:19+00:00\",\"dateModified\":\"2025-11-24T08:23:00+00:00\",\"author\":{\"@id\":\"https:\\\/\\\/www.myanmar-stiftung.de\\\/#\\\/schema\\\/person\\\/7e26a6d6128ff41ff1a474936ff68f0f\"},\"breadcrumb\":{\"@id\":\"https:\\\/\\\/www.myanmar-stiftung.de\\\/index.php\\\/verena-von-mitschke-collande-bereichert-den-beirat-der-myanmar-stiftung\\\/#breadcrumb\"},\"inLanguage\":\"de\",\"potentialAction\":[{\"@type\":\"ReadAction\",\"target\":[\"https:\\\/\\\/www.myanmar-stiftung.de\\\/index.php\\\/verena-von-mitschke-collande-bereichert-den-beirat-der-myanmar-stiftung\\\/\"]}]},{\"@type\":\"ImageObject\",\"inLanguage\":\"de\",\"@id\":\"https:\\\/\\\/www.myanmar-stiftung.de\\\/index.php\\\/verena-von-mitschke-collande-bereichert-den-beirat-der-myanmar-stiftung\\\/#primaryimage\",\"url\":\"https:\\\/\\\/www.myanmar-stiftung.de\\\/wp-content\\\/uploads\\\/2025\\\/10\\\/Verena-1.jpg\",\"contentUrl\":\"https:\\\/\\\/www.myanmar-stiftung.de\\\/wp-content\\\/uploads\\\/2025\\\/10\\\/Verena-1.jpg\",\"width\":1600,\"height\":1200},{\"@type\":\"BreadcrumbList\",\"@id\":\"https:\\\/\\\/www.myanmar-stiftung.de\\\/index.php\\\/verena-von-mitschke-collande-bereichert-den-beirat-der-myanmar-stiftung\\\/#breadcrumb\",\"itemListElement\":[{\"@type\":\"ListItem\",\"position\":1,\"name\":\"Startseite\",\"item\":\"https:\\\/\\\/www.myanmar-stiftung.de\\\/\"},{\"@type\":\"ListItem\",\"position\":2,\"name\":\"Verena von Mitschke-Collande bereichert den Beirat der Myanmar Stiftung\"}]},{\"@type\":\"WebSite\",\"@id\":\"https:\\\/\\\/www.myanmar-stiftung.de\\\/#website\",\"url\":\"https:\\\/\\\/www.myanmar-stiftung.de\\\/\",\"name\":\"Myanmar-Stiftung\",\"description\":\"Hilfe f\u00fcr Kinder in Myanmar\",\"potentialAction\":[{\"@type\":\"SearchAction\",\"target\":{\"@type\":\"EntryPoint\",\"urlTemplate\":\"https:\\\/\\\/www.myanmar-stiftung.de\\\/?s={search_term_string}\"},\"query-input\":{\"@type\":\"PropertyValueSpecification\",\"valueRequired\":true,\"valueName\":\"search_term_string\"}}],\"inLanguage\":\"de\"},{\"@type\":\"Person\",\"@id\":\"https:\\\/\\\/www.myanmar-stiftung.de\\\/#\\\/schema\\\/person\\\/7e26a6d6128ff41ff1a474936ff68f0f\",\"name\":\"Veronika Hofmann\",\"image\":{\"@type\":\"ImageObject\",\"inLanguage\":\"de\",\"@id\":\"https:\\\/\\\/secure.gravatar.com\\\/avatar\\\/8b74c049c88508178ceeb67ad92ab7a23ec4dc97071586363a9064bc5f0706e0?s=96&d=mm&r=g\",\"url\":\"https:\\\/\\\/secure.gravatar.com\\\/avatar\\\/8b74c049c88508178ceeb67ad92ab7a23ec4dc97071586363a9064bc5f0706e0?s=96&d=mm&r=g\",\"contentUrl\":\"https:\\\/\\\/secure.gravatar.com\\\/avatar\\\/8b74c049c88508178ceeb67ad92ab7a23ec4dc97071586363a9064bc5f0706e0?s=96&d=mm&r=g\",\"caption\":\"Veronika Hofmann\"},\"url\":\"https:\\\/\\\/www.myanmar-stiftung.de\\\/index.php\\\/author\\\/hofmann\\\/\"}]}<\/script>\n<!-- \/ Yoast SEO plugin. -->","yoast_head_json":{"title":"Verena von Mitschke-Collande bereichert den Beirat der Myanmar Stiftung - Myanmar-Stiftung","robots":{"index":"index","follow":"follow","max-snippet":"max-snippet:-1","max-image-preview":"max-image-preview:large","max-video-preview":"max-video-preview:-1"},"canonical":"https:\/\/www.myanmar-stiftung.de\/index.php\/verena-von-mitschke-collande-bereichert-den-beirat-der-myanmar-stiftung\/","og_locale":"de_DE","og_type":"article","og_title":"Verena von Mitschke-Collande bereichert den Beirat der Myanmar Stiftung - Myanmar-Stiftung","og_description":"Der Beirat der Myanmar Stiftung hat einstimmig die Zuwahl von Verena von Mitschke-Collande in den Stiftungsbeirat empfohlen. Wir freuen uns sehr, dass Verena von Mitschke-Collande diese Wahl angenommen hat. Mit Verena, die auch \u00fcber Jahrzehnte mit dem Stiftungsgr\u00fcnder J\u00fcrgen von Jordan eng befreundet war, gewinnen wir nicht nur eine Freundin und Kennerin Myanmars, sondern auch&hellip;","og_url":"https:\/\/www.myanmar-stiftung.de\/index.php\/verena-von-mitschke-collande-bereichert-den-beirat-der-myanmar-stiftung\/","og_site_name":"Myanmar-Stiftung","article_published_time":"2025-10-20T08:03:19+00:00","article_modified_time":"2025-11-24T08:23:00+00:00","og_image":[{"width":1600,"height":1200,"url":"https:\/\/www.myanmar-stiftung.de\/wp-content\/uploads\/2025\/10\/Verena-1.jpg","type":"image\/jpeg"}],"author":"Veronika Hofmann","twitter_card":"summary_large_image","twitter_misc":{"Geschrieben von":"Veronika Hofmann","Gesch\u00e4tzte Lesezeit":"2\u00a0Minuten"},"schema":{"@context":"https:\/\/schema.org","@graph":[{"@type":"Article","@id":"https:\/\/www.myanmar-stiftung.de\/index.php\/verena-von-mitschke-collande-bereichert-den-beirat-der-myanmar-stiftung\/#article","isPartOf":{"@id":"https:\/\/www.myanmar-stiftung.de\/index.php\/verena-von-mitschke-collande-bereichert-den-beirat-der-myanmar-stiftung\/"},"author":{"name":"Veronika Hofmann","@id":"https:\/\/www.myanmar-stiftung.de\/#\/schema\/person\/7e26a6d6128ff41ff1a474936ff68f0f"},"headline":"Verena von Mitschke-Collande bereichert den Beirat der Myanmar Stiftung","datePublished":"2025-10-20T08:03:19+00:00","dateModified":"2025-11-24T08:23:00+00:00","mainEntityOfPage":{"@id":"https:\/\/www.myanmar-stiftung.de\/index.php\/verena-von-mitschke-collande-bereichert-den-beirat-der-myanmar-stiftung\/"},"wordCount":172,"image":{"@id":"https:\/\/www.myanmar-stiftung.de\/index.php\/verena-von-mitschke-collande-bereichert-den-beirat-der-myanmar-stiftung\/#primaryimage"},"thumbnailUrl":"https:\/\/www.myanmar-stiftung.de\/wp-content\/uploads\/2025\/10\/Verena-1.jpg","inLanguage":"de"},{"@type":"WebPage","@id":"https:\/\/www.myanmar-stiftung.de\/index.php\/verena-von-mitschke-collande-bereichert-den-beirat-der-myanmar-stiftung\/","url":"https:\/\/www.myanmar-stiftung.de\/index.php\/verena-von-mitschke-collande-bereichert-den-beirat-der-myanmar-stiftung\/","name":"Verena von Mitschke-Collande bereichert den Beirat der Myanmar Stiftung - Myanmar-Stiftung","isPartOf":{"@id":"https:\/\/www.myanmar-stiftung.de\/#website"},"primaryImageOfPage":{"@id":"https:\/\/www.myanmar-stiftung.de\/index.php\/verena-von-mitschke-collande-bereichert-den-beirat-der-myanmar-stiftung\/#primaryimage"},"image":{"@id":"https:\/\/www.myanmar-stiftung.de\/index.php\/verena-von-mitschke-collande-bereichert-den-beirat-der-myanmar-stiftung\/#primaryimage"},"thumbnailUrl":"https:\/\/www.myanmar-stiftung.de\/wp-content\/uploads\/2025\/10\/Verena-1.jpg","datePublished":"2025-10-20T08:03:19+00:00","dateModified":"2025-11-24T08:23:00+00:00","author":{"@id":"https:\/\/www.myanmar-stiftung.de\/#\/schema\/person\/7e26a6d6128ff41ff1a474936ff68f0f"},"breadcrumb":{"@id":"https:\/\/www.myanmar-stiftung.de\/index.php\/verena-von-mitschke-collande-bereichert-den-beirat-der-myanmar-stiftung\/#breadcrumb"},"inLanguage":"de","potentialAction":[{"@type":"ReadAction","target":["https:\/\/www.myanmar-stiftung.de\/index.php\/verena-von-mitschke-collande-bereichert-den-beirat-der-myanmar-stiftung\/"]}]},{"@type":"ImageObject","inLanguage":"de","@id":"https:\/\/www.myanmar-stiftung.de\/index.php\/verena-von-mitschke-collande-bereichert-den-beirat-der-myanmar-stiftung\/#primaryimage","url":"https:\/\/www.myanmar-stiftung.de\/wp-content\/uploads\/2025\/10\/Verena-1.jpg","contentUrl":"https:\/\/www.myanmar-stiftung.de\/wp-content\/uploads\/2025\/10\/Verena-1.jpg","width":1600,"height":1200},{"@type":"BreadcrumbList","@id":"https:\/\/www.myanmar-stiftung.de\/index.php\/verena-von-mitschke-collande-bereichert-den-beirat-der-myanmar-stiftung\/#breadcrumb","itemListElement":[{"@type":"ListItem","position":1,"name":"Startseite","item":"https:\/\/www.myanmar-stiftung.de\/"},{"@type":"ListItem","position":2,"name":"Verena von Mitschke-Collande bereichert den Beirat der Myanmar Stiftung"}]},{"@type":"WebSite","@id":"https:\/\/www.myanmar-stiftung.de\/#website","url":"https:\/\/www.myanmar-stiftung.de\/","name":"Myanmar-Stiftung","description":"Hilfe f\u00fcr Kinder in Myanmar","potentialAction":[{"@type":"SearchAction","target":{"@type":"EntryPoint","urlTemplate":"https:\/\/www.myanmar-stiftung.de\/?s={search_term_string}"},"query-input":{"@type":"PropertyValueSpecification","valueRequired":true,"valueName":"search_term_string"}}],"inLanguage":"de"},{"@type":"Person","@id":"https:\/\/www.myanmar-stiftung.de\/#\/schema\/person\/7e26a6d6128ff41ff1a474936ff68f0f","name":"Veronika Hofmann","image":{"@type":"ImageObject","inLanguage":"de","@id":"https:\/\/secure.gravatar.com\/avatar\/8b74c049c88508178ceeb67ad92ab7a23ec4dc97071586363a9064bc5f0706e0?s=96&d=mm&r=g","url":"https:\/\/secure.gravatar.com\/avatar\/8b74c049c88508178ceeb67ad92ab7a23ec4dc97071586363a9064bc5f0706e0?s=96&d=mm&r=g","contentUrl":"https:\/\/secure.gravatar.com\/avatar\/8b74c049c88508178ceeb67ad92ab7a23ec4dc97071586363a9064bc5f0706e0?s=96&d=mm&r=g","caption":"Veronika Hofmann"},"url":"https:\/\/www.myanmar-stiftung.de\/index.php\/author\/hofmann\/"}]}},"_links":{"self":[{"href":"https:\/\/www.myanmar-stiftung.de\/index.php\/wp-json\/wp\/v2\/posts\/5290","targetHints":{"allow":["GET"]}}],"collection":[{"href":"https:\/\/www.myanmar-stiftung.de\/index.php\/wp-json\/wp\/v2\/posts"}],"about":[{"href":"https:\/\/www.myanmar-stiftung.de\/index.php\/wp-json\/wp\/v2\/types\/post"}],"author":[{"embeddable":true,"href":"https:\/\/www.myanmar-stiftung.de\/index.php\/wp-json\/wp\/v2\/users\/5"}],"replies":[{"embeddable":true,"href":"https:\/\/www.myanmar-stiftung.de\/index.php\/wp-json\/wp\/v2\/comments?post=5290"}],"version-history":[{"count":1,"href":"https:\/\/www.myanmar-stiftung.de\/index.php\/wp-json\/wp\/v2\/posts\/5290\/revisions"}],"predecessor-version":[{"id":5291,"href":"https:\/\/www.myanmar-stiftung.de\/index.php\/wp-json\/wp\/v2\/posts\/5290\/revisions\/5291"}],"wp:featuredmedia":[{"embeddable":true,"href":"https:\/\/www.myanmar-stiftung.de\/index.php\/wp-json\/wp\/v2\/media\/5280"}],"wp:attachment":[{"href":"https:\/\/www.myanmar-stiftung.de\/index.php\/wp-json\/wp\/v2\/media?parent=5290"}],"wp:term":[{"taxonomy":"category","embeddable":true,"href":"https:\/\/www.myanmar-stiftung.de\/index.php\/wp-json\/wp\/v2\/categories?post=5290"},{"taxonomy":"post_tag","embeddable":true,"href":"https:\/\/www.myanmar-stiftung.de\/index.php\/wp-json\/wp\/v2\/tags?post=5290"}],"curies":[{"name":"wp","href":"https:\/\/api.w.org\/{rel}","templated":true}]}}